{"id":1042,"date":"2023-04-26T23:47:41","date_gmt":"2023-04-26T23:47:41","guid":{"rendered":"https:\/\/www.languagetrainers.es\/blog\/?p=1042"},"modified":"2023-05-23T11:02:27","modified_gmt":"2023-05-23T11:02:27","slug":"los-acentos-del-portugues","status":"publish","type":"post","link":"https:\/\/www.languagetrainers.es\/blog\/los-acentos-del-portugues\/","title":{"rendered":"Los acentos del portugu\u00e9s"},"content":{"rendered":"Si est\u00e1s aprendiendo este idioma, ya habr\u00e1s notado que existen muchos acentos del portugu\u00e9s que son bastante diferentes a los de nuestro idioma. Y todos cumplen diferentes funciones.\n\n<!-- \/wp:paragraph -->\n\n<!-- wp:paragraph -->\n\nEl portugu\u00e9s pertenece al grupo de las lenguas romance y es muy cercano al espa\u00f1ol; sin embargo, a diferencia del espa\u00f1ol, los acentos no se limitan a mostrar cu\u00e1l es la s\u00edlaba t\u00f3nica, sino que de hecho cambian la forma en que la vocal debe pronunciarse, dependiendo qu\u00e9 tilde lleve.\n\n<!-- \/wp:paragraph -->\n\n<!-- wp:paragraph -->\n\nSi quieres aprender todos los secretos del uso de los acentos del portugu\u00e9s, \u00a1no te detengas! A continuaci\u00f3n te explicamos todo lo que necesitas saber sobre los 4 acentos, y c\u00f3mo influyen en la pronunciaci\u00f3n del portugu\u00e9s. Adem\u00e1s, encontrar\u00e1s ejemplos para guiarte.\n<!-- wp:paragraph -->\n<div style=\"border-style: solid;border-radius: 5px;border-color: #fb804c;margin: auto\">\n<h2 style=\"font-size: 20px;text-align: center\"><span style=\"text-decoration: underline\">Gu\u00eda de contenidos<\/span><\/h2>\n<div style=\"margin: 20px\">\n<h2 style=\"font-size: 16px;line-height: 25px\"><a href=\"#clasificacion\"><strong>Clasificaci\u00f3n de palabras seg\u00fan los acentos del portugu\u00e9s<\/strong><\/a><\/h2>\n<h2 style=\"font-size: 16px;line-height: 25px\"><a href=\"#acento-aguda\"><strong>El acento agudo portugu\u00e9s<\/strong><\/a><\/h2>\n<h2 style=\"font-size: 16px;line-height: 25px\"><a href=\"#acento-circunflejo\"><strong>El acento circunflejo portugu\u00e9s<\/strong><\/a><\/h2>\n<h2 style=\"font-size: 16px;line-height: 25px\"><a href=\"#acento-grave\"><strong>El acento grave portugu\u00e9s<\/strong><\/a><\/h2>\n<h2 style=\"font-size: 16px;line-height: 25px\"><a href=\"#virgulilla\"><strong>La virgulilla en el portugu\u00e9s<\/strong><\/a><\/h2>\n<h2 style=\"font-size: 16px;line-height: 25px\"><a href=\"#cedilla\"><strong>La cedilla en el portugu\u00e9s<\/strong><\/a><\/h2>\n<h2 style=\"font-size: 16px;line-height: 25px\"><a href=\"#dieresis\"><strong>La di\u00e9resis en el portugu\u00e9s<\/strong><\/a><\/h2>\n<\/div>\n<\/div>\n<!-- \/wp:paragraph -->\n<p style=\"font-size: 22px;text-align: center\"><a style=\"color: #0082cb\" href=\"https:\/\/www.languagetrainers.es\/online-classes-inquiry.php\" target=\"_blank\" rel=\"noopener\">\u00a1Reg\u00edstrate ahora y obt\u00e9n una clase de portugu\u00e9s totalmente gratuita!<\/a><\/p>\n<!-- wp:heading -->\n<h2><a id=\"clasificacion\"><\/a><strong>Clasificaci\u00f3n de palabras seg\u00fan los acentos del portugu\u00e9s<\/strong><\/h2>\n<!-- \/wp:heading -->\n\n<!-- wp:paragraph -->\n\nAntes que nada, hay que aclarar que, en portugu\u00e9s, las palabras no se clasifican como \u201cagudas, graves y esdr\u00fajulas\u201d, por lo que no debes confundir el nombre de las tildes con la posici\u00f3n de la s\u00edlaba t\u00f3nica. En cambio, seg\u00fan cu\u00e1l sea la s\u00edlaba t\u00f3nica, las palabras se clasifican como \u201cox\u00edtonas, parox\u00edtonas y proparox\u00edtonas\u201d. \u00bfYa ves c\u00f3mo los acentos del portugu\u00e9s son diferentes a los del espa\u00f1ol?\n\n<!-- \/wp:paragraph -->\n\n<!-- wp:paragraph -->\n\nAs\u00ed, las palabras cuya s\u00edlaba t\u00f3nica es la \u00faltima (en castellano, palabras agudas), se denominan \u201c<em>palavras ox\u00edtonas<\/em>\u201d en portugu\u00e9s. Si la s\u00edlaba t\u00f3nica es la ante\u00faltima (palabras graves), en portugu\u00e9s se las clasifica como \u201c<em>palavras parox\u00edtonas<\/em>\u201d. Y si la s\u00edlaba t\u00f3nica es la antepen\u00faltima (palabras esdr\u00fajulas), se las conoce como \u201c<em>palavras proparox\u00edtonas<\/em>\u201d. \u00bfYa ves c\u00f3mo los acentos del portugu\u00e9s son diferentes a los del espa\u00f1ol?\n\n<!-- \/wp:paragraph -->\n\n<!-- wp:paragraph -->\n\nA continuaci\u00f3n, descubre cu\u00e1ndo colocar los acentos portugueses dependiendo del tipo de palabra.\n\n<!-- \/wp:paragraph -->\n\n<!-- wp:heading -->\n<h2><a id=\"acento-aguda\"><\/a><strong>El acento agudo portugu\u00e9s<\/strong><\/h2>\n<!-- \/wp:heading -->\n\n<!-- wp:paragraph -->\n\nPor fortuna, al igual que en castellano, los acentos del portufu\u00e9s est\u00e1n regidos por reglas que nos ayudan a saber cu\u00e1ndo llevan tilde las palabras. La que se utiliza en portugu\u00e9s para marcar la s\u00edlaba t\u00f3nica es la misma que usamos en espa\u00f1ol: el acento agudo (\u00b4).\n\n<!-- \/wp:paragraph -->\n\n<!-- wp:paragraph -->\n\nLo que debes saber sobre esta tilde es:\n\n<!-- \/wp:paragraph -->\n\n<!-- wp:list -->\n<ul style=\"margin: 20px;line-height: 1.5;font-size: 14px;list-style-type: square\">\n \t<li style=\"margin: 15px\">Puede colocarse sobre cualquiera de las 5 vocales: <strong>\u00e1<\/strong>, <strong>\u00e9<\/strong>, <strong>\u00ed<\/strong>, <strong>\u00f3<\/strong>, <strong>\u00fa<\/strong>.<\/li>\n \t<li style=\"margin: 15px\">Las <strong>palabras ox\u00edtonas<\/strong> siempre se tildan si terminan en <strong>\u00e1<\/strong> (<em>arrai<strong>\u00e1<\/strong><\/em>: mantarraya), <strong>\u00e9<\/strong> (<em>caf<strong>\u00e9<\/strong><\/em>), <strong>\u00f3<\/strong> (<em>av<strong>\u00f3<\/strong><\/em>: abuelo), y sus plurales o palabras terminadas en <strong>\u00e1s<\/strong>, <strong>\u00e9s<\/strong>, <strong>\u00f3s<\/strong> (<em>ap<strong>\u00f3s<\/strong><\/em>: despu\u00e9s). Tambi\u00e9n se tildan si terminan en <strong>\u00e9is<\/strong> (<em>pap<strong>\u00e9is<\/strong><\/em>: papeles), <strong>\u00e9m<\/strong> (<em>tamb<strong>\u00e9m<\/strong><\/em>: tambi\u00e9n), o <strong>\u00e9ns<\/strong> (<em>ref<strong>\u00e9ns<\/strong><\/em>: rehenes).<\/li>\n \t<li style=\"margin: 15px\">Las <a href=\"http:\/\/ead.univali.br\/blog\/palavras-paroxitonas\"><strong>palabras parox\u00edtonas<\/strong><\/a> se tildan siempre que terminen en las consonantes <strong>r<\/strong> (<em>a\u00e7\u00faca<strong>r<\/strong><\/em>: az\u00facar), <strong>l<\/strong> (<em>af\u00e1ve<strong>l<\/strong><\/em>: afable), <strong>n<\/strong> (<em>al\u00fame<strong>n<\/strong><\/em>: alumbre), <strong>x<\/strong> (<em>c\u00e1li<strong>x<\/strong><\/em>: c\u00e1liz).Tambi\u00e9n si terminan en las vocales, <strong>\u00e3<\/strong> (\u00edm\u00e3: im\u00e1n) e <strong>i<\/strong> (<em>t\u00e1x<strong>i<\/strong><\/em>) o en los grupos <strong>ps<\/strong> (<em>tr\u00edce<strong>ps<\/strong><\/em>),\u00a0 <strong>\u00e3s<\/strong>, <strong>\u00e3o<\/strong> (<em>ac\u00f3rd\u00e3o<\/em>: juicio), <strong>\u00e3os<\/strong> (<em>\u00f3rf<strong>\u00e3os<\/strong><\/em>: hu\u00e9rfanos), <strong>em<\/strong>, <strong>um<\/strong> (<em>\u00e1lb<strong>um<\/strong><\/em>), <strong>uns<\/strong>, <strong>om<\/strong>, <strong>ons<\/strong>, <strong>us<\/strong> (<em>v\u00edr<strong>us<\/strong><\/em>), <strong>is<\/strong> (<em>pr\u00e1x<strong>is<\/strong><\/em>: pr\u00e1ctica), <strong>ei<\/strong>, <strong>eis<\/strong>.O si en la \u00faltima s\u00edlaba presentan los diptongos <strong>ia<\/strong>, <strong>ua<\/strong>, <strong>ie<\/strong>, <strong>ea<\/strong>, <strong>io<\/strong>.<\/li>\n<\/ul>\n<!-- \/wp:list -->\n\n<!-- wp:list -->\n<ul style=\"margin: 20px;line-height: 1.5;font-size: 14px;list-style-type: square\">\n \t<li style=\"margin: 15px\">As\u00ed como en espa\u00f1ol todas las palabras esdr\u00fajulas deben tildarse, en las reglas de los acentos del portugu\u00e9s todas las <strong>palabras proparox\u00edtonas<\/strong> llevan la tilde aguda: <em>d<strong>\u00fa<\/strong>vida<\/em> (duda), <em>pr<strong>\u00f3<\/strong>ximo<\/em> (siguiente), <em>m<strong>\u00fa<\/strong>sica<\/em>, <em>p\u00e1ssaro<\/em> (p\u00e1jaro).<\/li>\n<\/ul>\n<!-- \/wp:list -->\n\n<!-- wp:paragraph -->\n\nSi quieres conocer todos los detalles de los acentos en portugu\u00e9s, nada mejor que un <a href=\"https:\/\/www.languagetrainers.es\/cursos-de-portugues.php\"><strong>profesor nativo<\/strong><\/a> para guiarte f\u00e1cilmente. En poco tiempo dominar\u00e1s la gram\u00e1tica de forma din\u00e1mica y atrapante.\n\n<img loading=\"lazy\" decoding=\"async\" class=\"aligncenter wp-image-1047 size-full\" src=\"https:\/\/www.languagetrainers.es\/blog\/wp-content\/uploads\/2023\/04\/pexels-vlada-karpovich-4050302-1.jpg\" alt=\"\" width=\"640\" height=\"427\" srcset=\"https:\/\/www.languagetrainers.es\/blog\/wp-content\/uploads\/2023\/04\/pexels-vlada-karpovich-4050302-1.jpg 640w, https:\/\/www.languagetrainers.es\/blog\/wp-content\/uploads\/2023\/04\/pexels-vlada-karpovich-4050302-1-250x167.jpg 250w, https:\/\/www.languagetrainers.es\/blog\/wp-content\/uploads\/2023\/04\/pexels-vlada-karpovich-4050302-1-120x80.jpg 120w\" sizes=\"(max-width: 640px) 100vw, 640px\" \/>\n\n<!-- \/wp:paragraph -->\n\n<!-- wp:heading -->\n<h2><a id=\"acento-circunflejo\"><\/a><strong>El acento circunflejo portugu\u00e9s<\/strong><\/h2>\n<!-- \/wp:heading -->\n\n<!-- wp:paragraph -->\n\nEste signo de acentuaci\u00f3n solo se coloca sobre la <strong>\u00e2<\/strong>, <strong>\u00ea<\/strong>, y <strong>\u00f4<\/strong>, siguiendo las siguientes reglas generales:\n\n<!-- \/wp:paragraph -->\n\n<!-- wp:list -->\n<ul style=\"margin: 20px;line-height: 1.5;font-size: 14px;list-style-type: square\">\n \t<li style=\"margin: 15px\">Se utiliza sobre las vocales t\u00f3nicas <strong>\u00ea<\/strong>, y <strong>\u00f4<\/strong> en la \u00faltima s\u00edlaba (<em>voc\u00ea<\/em>, <em>av\u00f4<\/em>).<\/li>\n \t<li style=\"margin: 15px\">Se tilda la <strong>\u00e2<\/strong> siempre que antecede a una \u201c<strong>m<\/strong>\u201d (<em>c<strong>\u00e2<\/strong>mara<\/em>) o una \u201c<strong>n<\/strong>\u201d (<em>tr<strong>\u00e2<\/strong>nsito<\/em>: tr\u00e1fico), indicando una leve nasalidad de la vocal. Este fen\u00f3meno tambi\u00e9n aplica a la <strong>\u00ea<\/strong> (<em>b<strong>\u00ea<\/strong>n\u00e7\u00e3o<\/em>: bendici\u00f3n) y <strong>\u00f4<\/strong> (<em>fen<strong>\u00f4<\/strong>meno<\/em>), aunque es m\u00e1s frecuente en el portugu\u00e9s brasile\u00f1o que el lusitano.<\/li>\n \t<li style=\"margin: 15px\">Diferencia la conjugaci\u00f3n del verbo \u201cpoder\u201d en la tercera persona del singular: <em>pode<\/em> (puede) \/ <em>p\u00f4de<\/em> (pod\u00eda)<\/li>\n \t<li style=\"margin: 15px\">En algunos verbos se utiliza sobre la <strong>\u00ea<\/strong> para diferenciar el singular del plural: <em>tem<\/em> (tiene) \/ <em>t<strong>\u00ea<\/strong>m<\/em> (tienen); <em>vem<\/em> (viene) \/ <em>v\u00eam<\/em> (vienen).<\/li>\n \t<li style=\"margin: 15px\">Para diferenciar la preposici\u00f3n \u201cpor\u201d del verbo \u201cp\u00f4r\u201d (poner).<\/li>\n<\/ul>\n<!-- \/wp:list -->\n\n<!-- wp:paragraph -->\n\n<strong>\u00a1<\/strong><a href=\"https:\/\/www.languagetrainers.es\/clases-online-portugues.php\"><strong>Reserva tu lugar para tomar clases de portugu\u00e9s online<\/strong><\/a><strong>!<\/strong>\n\n<!-- \/wp:paragraph -->\n\n<!-- wp:heading -->\n<h2><a id=\"acento-grave\"><\/a><strong>El acento grave portugu\u00e9s<\/strong><\/h2>\n<!-- \/wp:heading -->\n\n<!-- wp:paragraph -->\n\nEl acento grave en portugu\u00e9s solo se presenta sobre la vocal \u00e0. A diferencia de las dem\u00e1s tildes del portugu\u00e9s, esta no indica ning\u00fan cambio en la pronunciaci\u00f3n; por el contrario, se trata exclusivamente de una se\u00f1al de la lengua escrita, que no afecta la lengua oral.\n\n<!-- \/wp:paragraph -->\n\n<!-- wp:paragraph -->\n\nEste signo se utiliza para indicar la confluencia de dos sonidos voc\u00e1licos consecutivos e id\u00e9nticos: la preposici\u00f3n \u201ca\u201d, m\u00e1s el art\u00edculo femenino \u201ca\u201d que precede a un sustantivo femenino. Cuando en una oraci\u00f3n estas dos palabras se encuentran, se produce un leve alargamiento, por repetici\u00f3n, del sonido \/a\/. Mientras tanto, de forma escrita, la \u00e0 expresa la uni\u00f3n de estas palabras.\n\n<!-- \/wp:paragraph -->\n\n<!-- wp:paragraph -->\n\nPor ejemplo:\n\n<!-- \/wp:paragraph -->\n\n<!-- wp:list -->\n<ul style=\"margin: 20px;line-height: 1.5;font-size: 14px;list-style-type: square\">\n \t<li style=\"margin: 15px\">\u00c9l fu\u00e9 a la escuela &gt; <em>Ele foi <strong>\u00e0<\/strong> escola<\/em> (<em>ele foi <strong>a + a<\/strong> escola<\/em>).<\/li>\n \t<li style=\"margin: 15px\">Ella est\u00e1 a la moda &gt; <em>Ela est\u00e1 <strong>\u00e0<\/strong> moda<\/em> (<em>ela est\u00e1 <strong>a + a<\/strong> moda<\/em>).<\/li>\n \t<li style=\"margin: 15px\">Las mejoras est\u00e1n a la vista &gt; <em>As melhorias est\u00e3o <strong>\u00e0<\/strong> vista<\/em> (<em>as melhorias est\u00e3o <strong>a + a<\/strong> vista<\/em>).<\/li>\n \t<li style=\"margin: 15px\">\u00a1Te veo a la noche! &gt; <em>Vejo voc\u00ea <strong>\u00e0<\/strong> noite<\/em>! (<em>vejo voc\u00ea <strong>a + a<\/strong> noite<\/em>).<\/li>\n<\/ul>\n<!-- \/wp:list -->\n\n<!-- wp:paragraph -->\n\nEsta misma situaci\u00f3n se presenta cuando la preposici\u00f3n \u201ca\u201d precede a un pronombre demostrativo o relativo que comience con \u201ca\u201d, como \u201caquela\u201d, o \u201ca qual\u201d.\n\n<!-- \/wp:paragraph -->\n\n<!-- wp:list -->\n<ul style=\"margin: 20px;line-height: 1.5;font-size: 14px;list-style-type: square\">\n \t<li style=\"margin: 15px\">Dile a aquella chica que venga &gt; <em>Diga <strong>\u00e0<\/strong>quela garota para vir<\/em> (<em>diga <strong>a + a<\/strong>quela garota para vir<\/em>).<\/li>\n \t<li style=\"margin: 15px\">La mujer a la cual le robaron &gt; <em>A mulher <strong>\u00e0<\/strong> qual roubaram<\/em> <em>(a mulher <strong>a + a<\/strong> qual roubaram<\/em>)<\/li>\n<\/ul>\n<!-- \/wp:list -->\n\n<!-- wp:heading -->\n<h2><a id=\"virgulilla\"><\/a><strong>La virgulilla en el portugu\u00e9s<\/strong><\/h2>\n<!-- \/wp:heading -->\n\n<!-- wp:paragraph -->\n\nEn el idioma portugu\u00e9s, este signo se llama \u201c<em>til<\/em>\u201d, y se utiliza para indicar la nasalizaci\u00f3n de ciertas vocales. A su vez, aunque no es un acento, forma parte de los signos gr\u00e1ficos o tildes del portugu\u00e9s, que se utilizan para modificar el sonido de las letras.\n\n<!-- \/wp:paragraph -->\n\n<!-- wp:paragraph -->\n\nEntre las tildes del portugu\u00e9s, la virgulilla solo se coloca sobre las vocales \u00e3 y \u00f5. Por ejemplo, en <em>c\u00e3o<\/em> (can \/ perro), <em>m\u00e3o<\/em> (mano), <em>raz\u00f5es<\/em> (razones), <em>\u00f3rf\u00e3o<\/em> (hu\u00e9rfano), <em>\u00f3rg\u00e3o<\/em> (\u00f3rgano), <em>irm\u00e3<\/em> (hermana), <em>irm\u00e3o<\/em> (hermano), <em>bot\u00f5es<\/em> (botones). Como habr\u00e1s notado, la til es recurrente en vocales que, al final de la palabra, anteceden a una \/n\/ en el castellano.\n\n<!-- \/wp:paragraph -->\n\n<!-- wp:paragraph -->\n\nEste fen\u00f3meno ocurre porque la \/n\/ es un sonido nasal y, por tanto, la vocal que la acompa\u00f1a toma su nasalidad, mientras que se produce la asimilaci\u00f3n oral de la letra \/n\/, y su desaparici\u00f3n gr\u00e1fica. Esta regla te permite anticipar, en la mayor\u00eda de los casos, cu\u00e1ndo corresponde colocar la <em>til<\/em> -un dato importante para dominar la ortograf\u00eda del portugu\u00e9s.\n\n<img loading=\"lazy\" decoding=\"async\" class=\"aligncenter wp-image-1048 size-full\" src=\"https:\/\/www.languagetrainers.es\/blog\/wp-content\/uploads\/2023\/04\/pexels-michael-burrows-7129713.jpg\" alt=\"\" width=\"640\" height=\"427\" srcset=\"https:\/\/www.languagetrainers.es\/blog\/wp-content\/uploads\/2023\/04\/pexels-michael-burrows-7129713.jpg 640w, https:\/\/www.languagetrainers.es\/blog\/wp-content\/uploads\/2023\/04\/pexels-michael-burrows-7129713-250x167.jpg 250w, https:\/\/www.languagetrainers.es\/blog\/wp-content\/uploads\/2023\/04\/pexels-michael-burrows-7129713-120x80.jpg 120w\" sizes=\"(max-width: 640px) 100vw, 640px\" \/>\n\n<!-- \/wp:paragraph -->\n\n<!-- wp:heading -->\n<h2><a id=\"cedilla\"><\/a><strong>La cedilla en el portugu\u00e9s<\/strong><\/h2>\n<!-- \/wp:heading -->\n\n<!-- wp:paragraph -->\n\n\u00bfSab\u00edas que la cedilla surgi\u00f3 en el idioma espa\u00f1ol, para representar el sonido de las consonantes \u201ccz\u201d? Con el tiempo, la graf\u00eda de este par se fue modificando, hasta que la \u201cz\u201d se convirti\u00f3 en la cedilla debajo de la \u201cc\u201d. M\u00e1s tarde, el espa\u00f1ol elimin\u00f3 su uso, pero otros idiomas -como el franc\u00e9s y el catal\u00e1n, que la hab\u00edan adoptado del espa\u00f1ol-, la conservaron. Este fue tambi\u00e9n el caso del portugu\u00e9s.\n\n<!-- \/wp:paragraph -->\n\n<!-- wp:paragraph -->\n\nEn el idioma portugu\u00e9s, la cedilla solo se coloca debajo de la C, convirti\u00e9ndose en una \u201cce cedilla\u201d. A su vez, esta letra \u00fanicamente se utiliza antes de una \u201ca\u201d, \u201co\u201d, o \u201cu\u201d, y su sonido es como el de una \/ss\/ (fuerte y marcado).\n\n<!-- \/wp:paragraph -->\n\n<!-- wp:paragraph -->\n\nAlgunos ejemplos de la ce cedilla entre las tildes del portugu\u00e9s son: \u201c<em>ma\u00e7\u00e3<\/em>\u201d (manzana), \u201c<em>a\u00e7\u00facar<\/em>\u201d (az\u00facar), \u201c<em>almo\u00e7o<\/em>\u201d (almuerzo), \u201c<em>bra\u00e7o<\/em>\u201d (brazo), \u201c<em>inten\u00e7\u00e3o<\/em>\u201d (intenci\u00f3n). Como regla general, palabras que en espa\u00f1ol terminan en \u201c-ci\u00f3n\u201d, en portugu\u00e9s terminar\u00e1n en \u201c-<em>\u00e7\u00e3o<\/em>\u201d. Pero, \u00a1cuidado! Si quieres conocer y dominar todas las reglas del uso de la ce cedilla en el portugu\u00e9s, necesitar\u00e1s un profesor experto que pueda ense\u00f1arte incluso las excepciones, para que logres adquirir una correcta ortograf\u00eda.\n\n<!-- \/wp:paragraph -->\n\n<!-- wp:paragraph -->\n\n<strong>\u00a1<\/strong><a href=\"https:\/\/www.languagetrainers.es\/pruebas-de-nivel-portugues\"><strong>Toma un test de nivel online sin costo<\/strong><\/a><strong>!<\/strong>\n\n<!-- \/wp:paragraph -->\n\n<!-- wp:heading -->\n<h2><a id=\"dieresis\"><\/a><strong>La di\u00e9resis en el portugu\u00e9s<\/strong><\/h2>\n<!-- \/wp:heading -->\n\n<!-- wp:paragraph -->\n\nAl igual que en espa\u00f1ol, en el idioma portugu\u00e9s existe la di\u00e9resis o <em>trema<\/em> sobre la letra \u201cu\u201d, para indicar cu\u00e1ndo esta letra deb\u00eda pronunciarse en las s\u00edlabas \u201cque\u201d, \u201cqui\u201d, \u201cgue\u201d y \u201cgui\u201d. Sin embargo, la <em>trema<\/em> fue eliminada de las tildes del portugu\u00e9s europeo en el Acuerdo Ortogr\u00e1fico de 1945. Posteriormente, tambi\u00e9n se retir\u00f3 del uso en Brasil con el Acuerdo Ortogr\u00e1fico de 1990.\n\n<!-- \/wp:paragraph -->\n\n<!-- wp:paragraph -->\n\nPor lo tanto, en la actualidad es m\u00e1s dif\u00edcil saber cu\u00e1ndo en una palabra se pronuncia la \u201cu\u201d despu\u00e9s de la \u201cq\u201d o la \u201cg\u201d, si a continuaci\u00f3n aparece una \u201ci\u201d o \u201ce\u201d. Esto significa que su pronunciaci\u00f3n debe memorizarse, ya que no existe un signo gr\u00e1fico que diferencie ambas posibilidades.\n\n<!-- \/wp:paragraph -->\n\n<!-- wp:paragraph -->\n\nPor ejemplo, palabras como \u201c<em>bil\u00edngue<\/em>\u201d (biling\u00fce) o \u201c<em>ensanguentado<\/em>\u201d (ensangrentado) podr\u00edan pronunciarse igual que \u201c<em>portugu\u00eas<\/em>\u201d (portugu\u00e9s), mientras que \u201c<em>tranquilo<\/em>\u201d (tranquilo) y \u201c<em>antiqu\u00edssimo<\/em>\u201d (antiqu\u00edsimo) parecer\u00edan pronunciarse igual que en espa\u00f1ol -cuando en realidad se pronuncian como \/trancuilo\/ y \/anticu\u00edsimo\/.\n\n<!-- \/wp:paragraph -->\n<p style=\"font-size: 22px;text-align: center\"><a style=\"color: #0082cb\" href=\"https:\/\/www.languagetrainers.es\/online-classes-inquiry.php\" target=\"_blank\" rel=\"noopener\">\u00a1Reg\u00edstrate ahora y obt\u00e9n una clase de portugu\u00e9s totalmente gratuita!<\/a><\/p>\nEntonces, \u00bfc\u00f3mo saber cu\u00e1ndo pronunciar la \/u\/ y cu\u00e1ndo no? \u00bfC\u00f3mo pasar de la mera comprensi\u00f3n de las reglas que rigen los acentos del portugu\u00e9s a una fluidez total? Pues para eso, nada mejor que un profesor nativo con a\u00f1os de experiencia y capacitaci\u00f3n en la ense\u00f1anza del portugu\u00e9s como segunda lengua.\n\n<!-- wp:paragraph -->\n\n<a href=\"https:\/\/www.languagetrainers.es\/contacto.php\"><strong>Cont\u00e1ctanos hoy mismo<\/strong><\/a> y descubre todos los beneficios de aprender portugu\u00e9s con profesores nativos y clases dise\u00f1adas a la medida de tus tiempos y necesidades. Consulta por los distintos planes para clases presenciales o virtuales. \u00a1Tambi\u00e9n encontrar\u00e1s la posibilidad de unirte a peque\u00f1os <a href=\"https:\/\/www.languagetrainers.co.uk\/connect\"><strong>grupos de estudiantes de todo el mundo<\/strong><\/a>, que comparten tu mismo nivel del idioma, y tu pasi\u00f3n por la materia!\n\n<!-- \/wp:paragraph -->","protected":false},"excerpt":{"rendered":"Si est\u00e1s aprendiendo este idioma, ya habr\u00e1s notado que existen muchos acentos del portugu\u00e9s que son bastante&#8230;","protected":false},"author":4,"featured_media":1048,"comment_status":"open","ping_status":"open","sticky":false,"template":"","format":"standard","meta":{"footnotes":""},"categories":[251,98],"tags":[195,276,100],"class_list":["post-1042","post","type-post","status-publish","format-standard","has-post-thumbnail","hentry","category-idiomas","category-portugues","tag-aprender-portugues","tag-clases-de-portugues","tag-portugues"],"_links":{"self":[{"href":"https:\/\/www.languagetrainers.es\/blog\/wp-json\/wp\/v2\/posts\/1042"}],"collection":[{"href":"https:\/\/www.languagetrainers.es\/blog\/wp-json\/wp\/v2\/posts"}],"about":[{"href":"https:\/\/www.languagetrainers.es\/blog\/wp-json\/wp\/v2\/types\/post"}],"author":[{"embeddable":true,"href":"https:\/\/www.languagetrainers.es\/blog\/wp-json\/wp\/v2\/users\/4"}],"replies":[{"embeddable":true,"href":"https:\/\/www.languagetrainers.es\/blog\/wp-json\/wp\/v2\/comments?post=1042"}],"version-history":[{"count":11,"href":"https:\/\/www.languagetrainers.es\/blog\/wp-json\/wp\/v2\/posts\/1042\/revisions"}],"predecessor-version":[{"id":1059,"href":"https:\/\/www.languagetrainers.es\/blog\/wp-json\/wp\/v2\/posts\/1042\/revisions\/1059"}],"wp:featuredmedia":[{"embeddable":true,"href":"https:\/\/www.languagetrainers.es\/blog\/wp-json\/wp\/v2\/media\/1048"}],"wp:attachment":[{"href":"https:\/\/www.languagetrainers.es\/blog\/wp-json\/wp\/v2\/media?parent=1042"}],"wp:term":[{"taxonomy":"category","embeddable":true,"href":"https:\/\/www.languagetrainers.es\/blog\/wp-json\/wp\/v2\/categories?post=1042"},{"taxonomy":"post_tag","embeddable":true,"href":"https:\/\/www.languagetrainers.es\/blog\/wp-json\/wp\/v2\/tags?post=1042"}],"curies":[{"name":"wp","href":"https:\/\/api.w.org\/{rel}","templated":true}]}}