{"id":224,"date":"2019-05-08T14:07:50","date_gmt":"2019-05-08T14:07:50","guid":{"rendered":"http:\/\/www.languagetrainers.es\/blog\/?p=224"},"modified":"2019-05-08T14:07:50","modified_gmt":"2019-05-08T14:07:50","slug":"ramadan-guia-de-etiqueta-para-los-no-musulmanes","status":"publish","type":"post","link":"https:\/\/www.languagetrainers.es\/blog\/ramadan-guia-de-etiqueta-para-los-no-musulmanes\/","title":{"rendered":"Ramad\u00e1n: gu\u00eda de etiqueta para los no musulmanes"},"content":{"rendered":"<p><span style=\"font-weight: 400;\">Ramad\u00e1n es uno de los per\u00edodos m\u00e1s importantes dentro del calendario musulm\u00e1n. Comenz\u00f3 el domingo 5 de mayo y terminar\u00e1 el 4 de junio. Es un tiempo de ayuno e introspecci\u00f3n tan importante que se lo considera uno de los pilares del Islam. Eso significa que alrededor de 1,8 mil millones de personas est\u00e1n ayunando desde que sale hasta que se pone el sol. Todos los d\u00edas. Durante un mes. Aproximadamente, el 24% de la poblaci\u00f3n del mundo es musulmana. Pero la pregunta es qu\u00e9 deber\u00eda hacer el otro 76% hacer para tener un poco de consideraci\u00f3n por sus amigos durante este tiempo. \u00bfTienen que hacer algo para evitar ofenderlos?<\/span><\/p>\n<p><span style=\"font-weight: 400;\">No.<\/span><\/p>\n<p><span style=\"font-weight: 400;\">Pero, si no eres musulm\u00e1n, estos 10 consejos te pueden ayudar a hacer de su Ramad\u00e1n algo m\u00e1s llevadero.<\/span><\/p>\n<div id=\"attachment_227\" style=\"width: 650px\" class=\"wp-caption aligncenter\"><img loading=\"lazy\" decoding=\"async\" aria-describedby=\"caption-attachment-227\" class=\"wp-image-227 size-full\" src=\"http:\/\/www.languagetrainers.es\/blog\/wp-content\/uploads\/2019\/05\/arabic-biryani-cuisine-1161468.jpg\" alt=\"\" width=\"640\" height=\"426\" srcset=\"https:\/\/www.languagetrainers.es\/blog\/wp-content\/uploads\/2019\/05\/arabic-biryani-cuisine-1161468.jpg 640w, https:\/\/www.languagetrainers.es\/blog\/wp-content\/uploads\/2019\/05\/arabic-biryani-cuisine-1161468-250x166.jpg 250w, https:\/\/www.languagetrainers.es\/blog\/wp-content\/uploads\/2019\/05\/arabic-biryani-cuisine-1161468-120x80.jpg 120w\" sizes=\"(max-width: 640px) 100vw, 640px\" \/><p id=\"caption-attachment-227\" class=\"wp-caption-text\">Imagen v\u00eda <a href=\"https:\/\/www.pexels.com\/photo\/biryanni-dish-on-round-stainless-steel-tray-1161468\/\">Pexels<\/a>.<\/p><\/div>\n<h2>\u00a01. Puedes obviamente comer frente a ellos\u2026<\/h2>\n<p><span style=\"font-weight: 400;\">Durante los 30 d\u00edas de Ramad\u00e1n, los musulmanes evitar\u00e1n comer y beber durante las horas de luz. Esto no significa que t\u00fa no puedas continuar con tu vida como si nada hubiese cambiado.<\/span><\/p>\n<h2>2. \u2026 pero trata de no programar un almuerzo de trabajo.<\/h2>\n<p><span style=\"font-weight: 400;\">Si hay que organizar un evento durante el d\u00eda, \u00a1pues hazlo!. Sin embargo, no debes sentirte mal si los invitados musulmanes solo se sientan sin comer. Para ellos es como cuando vas con un amigo vegetariano a una parrillada. Lo mismo aplica para cualquier ca\u00f1a luego del trabajo (pero antes que se ponga el sol). Si un compa\u00f1ero musulm\u00e1n prefiere no ir, entiende la raz\u00f3n y no le insistas.<\/span><\/p>\n<h2>3. No debes hacer ayuno con ellos\u2026<\/h2>\n<p><span style=\"font-weight: 400;\">Es decir, obviamente puedes hacerlo si lo eliges y quieres \u201cvivir la experiencia\u201d con ellos. Pero si lo haces por no herir sus sentimientos, no te preocupes que no se ofender\u00e1n si t\u00fa contin\u00faas haciendo lo que siempre haces.<\/span><\/p>\n<h2><span>4. \u2026 pero puedes definitivamente unirteles para el <\/span><i><span>iftar<\/span><\/i><span>.<\/span><\/h2>\n<p><span style=\"font-weight: 400;\">Despu\u00e9s de horas y horas sin comer ni beber, el ayuno termina finalmente con el <\/span><i><span style=\"font-weight: 400;\">iftar<\/span><\/i><span style=\"font-weight: 400;\"> al caer el sol. El fest\u00edn es b\u00e1sicamente una gran experiencia comunal. Si tienes alg\u00fan amigo musulm\u00e1n, \u00a1no dudes a ir a compartirlo con \u00e9l o ella!<\/span><\/p>\n<div id=\"attachment_226\" style=\"width: 650px\" class=\"wp-caption aligncenter\"><img loading=\"lazy\" decoding=\"async\" aria-describedby=\"caption-attachment-226\" class=\"wp-image-226 size-full\" src=\"http:\/\/www.languagetrainers.es\/blog\/wp-content\/uploads\/2019\/05\/a-mosque-architecture-buildings-2236674.jpg\" alt=\"\" width=\"640\" height=\"426\" srcset=\"https:\/\/www.languagetrainers.es\/blog\/wp-content\/uploads\/2019\/05\/a-mosque-architecture-buildings-2236674.jpg 640w, https:\/\/www.languagetrainers.es\/blog\/wp-content\/uploads\/2019\/05\/a-mosque-architecture-buildings-2236674-250x166.jpg 250w, https:\/\/www.languagetrainers.es\/blog\/wp-content\/uploads\/2019\/05\/a-mosque-architecture-buildings-2236674-120x80.jpg 120w\" sizes=\"(max-width: 640px) 100vw, 640px\" \/><p id=\"caption-attachment-226\" class=\"wp-caption-text\">Imagen v\u00eda <a href=\"https:\/\/www.pexels.com\/photo\/concrete-dome-buildings-during-golden-hour-2236674\/\">Pexels<\/a>.<\/p><\/div>\n<h2>5. No debes saber cu\u00e1ndo comienza\u2026<\/h2>\n<p><span style=\"font-weight: 400;\">Ramad\u00e1n no es como la Navidad, donde todos saben exactamente la fecha en la que comienza. Cabe recordar que el calendario isl\u00e1mico es lunar por lo que las fechas de Ramad\u00e1n cambian todos los a\u00f1os y dependen del movimiento de la luna y el sol. Por lo que si no eres musulm\u00e1n, es probable que no tengas idea y es no es un problema.<\/span><\/p>\n<h2>6. \u2026 pero s\u00f3lo debes ser un poco flexible.<\/h2>\n<p><span style=\"font-weight: 400;\">A pesar de que la ciencia y la tecnolog\u00eda han avanzado, Ramad\u00e1n se sigue determinando por m\u00e9todos tradicionales: literalmente debes poder ver la luna en el cielo. Lo que significa que el comienzo puede ser un poco subjetivo. Por eso, si un compa\u00f1ero de trabajo pregunta \u201c\u00bfPuedo llegar m\u00e1s temprano para irme antes?\u201d intenta ser comprensivo.<\/span><\/p>\n<h3>\u00bfQuieres saber m\u00e1s de la cultura isl\u00e1mica? \u00a1<a href=\"http:\/\/www.languagetrainers.es\/cursos_arabe.php\">Cont\u00e1ctanos<\/a> hoy y comienza ma\u00f1ana con cursos de \u00e1rabe!<\/h3>\n<h2>7. Puedes invitarlos a pasear\u2026<\/h2>\n<p><span style=\"font-weight: 400;\">Recuerda que hacer ayuno no significa que no deban dejar de vivir como siempre. Si quieres hacer algo, no dejes de invitarlos. \u00danicamente no esperes quieran beber algo (y eso incluye agua).<\/span><\/p>\n<h2>8. \u2026 pero tal vez no se acerquen mucho.<\/h2>\n<p><span style=\"font-weight: 400;\">\u00bfHas intentado no comer ni beber durante muchas horas? \u00bfQu\u00e9 tal ha estado tu aliento despu\u00e9s? Seguramente no del todo fresco. De hecho, seas o no musulm\u00e1n, hay toda una variedad de educativos videos en <\/span><a href=\"https:\/\/www.youtube.com\/results?search_query=halitosis+ramadan\"><span style=\"font-weight: 400;\">YouTube <\/span><\/a><span style=\"font-weight: 400;\">y art\u00edculos en l\u00ednea de c\u00f3mo tratar de combatir la halitosis durante Ramad\u00e1n.<\/span><\/p>\n<div id=\"attachment_225\" style=\"width: 650px\" class=\"wp-caption aligncenter\"><img loading=\"lazy\" decoding=\"async\" aria-describedby=\"caption-attachment-225\" class=\"wp-image-225 size-full\" src=\"http:\/\/www.languagetrainers.es\/blog\/wp-content\/uploads\/2019\/05\/conversation-eat-eating-1071979.jpg\" alt=\"\" width=\"640\" height=\"426\" srcset=\"https:\/\/www.languagetrainers.es\/blog\/wp-content\/uploads\/2019\/05\/conversation-eat-eating-1071979.jpg 640w, https:\/\/www.languagetrainers.es\/blog\/wp-content\/uploads\/2019\/05\/conversation-eat-eating-1071979-250x166.jpg 250w, https:\/\/www.languagetrainers.es\/blog\/wp-content\/uploads\/2019\/05\/conversation-eat-eating-1071979-120x80.jpg 120w\" sizes=\"(max-width: 640px) 100vw, 640px\" \/><p id=\"caption-attachment-225\" class=\"wp-caption-text\">Imagen v\u00eda <a href=\"https:\/\/www.pexels.com\/photo\/two-women-and-one-man-eating-1071979\/\">Pexels<\/a>.<\/p><\/div>\n<h2>9. Puedes desearles \u201cRamad\u00e1n Mubarak\u201d&#8230;<\/h2>\n<p><span style=\"font-weight: 400;\">No es lo que pasa con festividades como Navidad, donde tal vez no cristianos se ofendan al ser deseados una \u201cFeliz Navidad\u201d. En el Islam, si le deseas a tu compa\u00f1ero del trabajo \u201cRamad\u00e1n Mubarak\u201d (Feliz Ramad\u00e1n), de seguro tu gesto ser\u00e1 bien recibido.<\/span><\/p>\n<h2>10. \u2026 pero por favor no digas \u201cYo tambi\u00e9n har\u00e9 ayuno, as\u00ed bajo de peso\u201d.<\/h2>\n<p><span style=\"font-weight: 400;\">Hemos escuchado de muchos cristianos que dejan de hacer ciertas cosas durante la Cuaresma. Esto no es lo mismo y la intenci\u00f3n del ayuno no tiene nada que ver con el peso. Es m\u00e1s, <\/span><a href=\"https:\/\/edition.cnn.com\/2013\/08\/07\/world\/meast\/ramadan-over-eating-eid\/index.html\"><span style=\"font-weight: 400;\">uno de los efectos adversos del Ramad\u00e1n es justamente la obesidad<\/span><\/a><span style=\"font-weight: 400;\"> por los atracones al caer el sol.<\/span><\/p>\n","protected":false},"excerpt":{"rendered":"Ramad\u00e1n es uno de los per\u00edodos m\u00e1s importantes dentro del calendario musulm\u00e1n. Comenz\u00f3 el domingo 5 de&#8230;","protected":false},"author":2,"featured_media":226,"comment_status":"open","ping_status":"open","sticky":false,"template":"","format":"standard","meta":{"footnotes":""},"categories":[24,10,11,33,7,8],"tags":[79,81,78,80,64],"class_list":["post-224","post","type-post","status-publish","format-standard","has-post-thumbnail","hentry","category-arabe","category-cultura","category-cultura-popular","category-historia","category-tips","category-viajes","tag-etiqueta","tag-islam","tag-ramada","tag-religion","tag-tips"],"_links":{"self":[{"href":"https:\/\/www.languagetrainers.es\/blog\/wp-json\/wp\/v2\/posts\/224"}],"collection":[{"href":"https:\/\/www.languagetrainers.es\/blog\/wp-json\/wp\/v2\/posts"}],"about":[{"href":"https:\/\/www.languagetrainers.es\/blog\/wp-json\/wp\/v2\/types\/post"}],"author":[{"embeddable":true,"href":"https:\/\/www.languagetrainers.es\/blog\/wp-json\/wp\/v2\/users\/2"}],"replies":[{"embeddable":true,"href":"https:\/\/www.languagetrainers.es\/blog\/wp-json\/wp\/v2\/comments?post=224"}],"version-history":[{"count":1,"href":"https:\/\/www.languagetrainers.es\/blog\/wp-json\/wp\/v2\/posts\/224\/revisions"}],"predecessor-version":[{"id":228,"href":"https:\/\/www.languagetrainers.es\/blog\/wp-json\/wp\/v2\/posts\/224\/revisions\/228"}],"wp:featuredmedia":[{"embeddable":true,"href":"https:\/\/www.languagetrainers.es\/blog\/wp-json\/wp\/v2\/media\/226"}],"wp:attachment":[{"href":"https:\/\/www.languagetrainers.es\/blog\/wp-json\/wp\/v2\/media?parent=224"}],"wp:term":[{"taxonomy":"category","embeddable":true,"href":"https:\/\/www.languagetrainers.es\/blog\/wp-json\/wp\/v2\/categories?post=224"},{"taxonomy":"post_tag","embeddable":true,"href":"https:\/\/www.languagetrainers.es\/blog\/wp-json\/wp\/v2\/tags?post=224"}],"curies":[{"name":"wp","href":"https:\/\/api.w.org\/{rel}","templated":true}]}}